{"id":1250,"date":"2012-03-05T11:09:17","date_gmt":"2012-03-05T09:09:17","guid":{"rendered":"http:\/\/linux.leunen.com\/?p=1250"},"modified":"2012-03-05T11:09:17","modified_gmt":"2012-03-05T09:09:17","slug":"acta-nos-eurodeputes-aux-abonnes-absents","status":"publish","type":"post","link":"https:\/\/www.leunen.com\/linux\/2012\/03\/acta-nos-eurodeputes-aux-abonnes-absents\/","title":{"rendered":"ACTA: nos eurod\u00e9put\u00e9s aux abonn\u00e9s absents"},"content":{"rendered":"<p>Une fois n&rsquo;est pas coutume, ceci est un billet d&rsquo;humeur et m\u00eame de mauvaise humeur. Et de plus, c&rsquo;est un billet politique sur <em>ACTA<\/em>. Mais rassurez-vous, je ne vais pas \u00e9num\u00e9rer en d\u00e9tail tous les d\u00e9fauts de cet accord, juste les rappeler bri\u00e8vement.<\/p>\n<p>Pour ceux qui reviennent d&rsquo;un croisi\u00e8re sur Mars et qui n&rsquo;auraient pas entendu parler <em>d&rsquo;ACTA<\/em>, il s&rsquo;agit d&rsquo;un accord commercial anti-contrefa\u00e7on n\u00e9goci\u00e9 en secret depuis 5 ans et qui est discut\u00e9 pour le moment au parlement europ\u00e9en. Ce dernier devra ensuite \u00eatre soumis au vote et si cet accord est accept\u00e9, chaque \u00e9tat membre devra encore le ratifier avant qu&rsquo;il ne puisse \u00eatre appliqu\u00e9. La route est encore longue mais il ne faut pas baisser les bras et c&rsquo;est maintenant qu&rsquo;il faut manifester son refus de cet accord.<br \/>\nEn gros, voici les points qui dans cet accord posent probl\u00e8me:<\/p>\n<ul>\n<li>Il a \u00e9t\u00e9 n\u00e9goci\u00e9 en secret sans possibilit\u00e9 d&rsquo;en analyser le contenu. C&rsquo;est une fuite qui l&rsquo;a rendu public.<\/li>\n<li>Il est anti-d\u00e9mocratique dans le sens o\u00f9 des mesures de contr\u00f4le et de censure peuvent \u00eatre prises sans passer par une d\u00e9cision de justice. Il tend aussi \u00e0 limiter la libert\u00e9 d&rsquo;expression et il \u00e9chappe \u00e0 tout contr\u00f4le d\u00e9mocratique a post\u00e9riori.<\/li>\n<li>Il est un danger pour le domaine de la sant\u00e9 en ce sens que les m\u00e9dicaments g\u00e9n\u00e9riques pourraient se voir trait\u00e9s comme des contrefa\u00e7ons.<\/li>\n<li>Cet accord bypasse les organismes officiels qui sont charg\u00e9s actuellement des probl\u00e8mes de copyright et de propri\u00e9t\u00e9 intellectuelle.<\/li>\n<li>Il est un danger pour l&rsquo;open source et en g\u00e9n\u00e9ral pour la neutralit\u00e9 du Net.<\/li>\n<\/ul>\n<p>Il y a plusieurs fa\u00e7ons de manifester son d\u00e9saccord avec <em>ACTA<\/em>: en parler sur son blog en est une. Se joindre aux manifestations qui ont eu lieu et qui seront encore organis\u00e9es en est une autre. Vous pouvez aussi \u00e9crire \u00e0 vos \u00e9lus pour leur signaler vos craintes. C&rsquo;est ce que j&rsquo;ai fait. Ce que j&rsquo;ai tent\u00e9 de faire devrais-je dire plut\u00f4t. Et c&rsquo;est l&rsquo;objet de ma mauvaise humeur. <\/p>\n<p>J&rsquo;ai contact\u00e9 tous les eurod\u00e9put\u00e9s belges, ceux qui font partie d&rsquo;une des commissions et qui doivent donner leur avis sur cet accord. J&rsquo;ai contact\u00e9 les autres aussi. J&rsquo;ai contact\u00e9 les partis politiques belges pour conna\u00eetre leur position sur <em>ACTA<\/em>. Au moins ceux pour lesquels celle-ci n&rsquo;\u00e9tait pas claire. Il est evident que le MR &#8211; parti de droite &#8211; n&rsquo;est pas oppos\u00e9 \u00e0 <em>ACTA<\/em>. De m\u00eame, ECOLO, lui, y est clairement oppos\u00e9.<br \/>\nJ&rsquo;ai \u00e9galement contact\u00e9 le premier ministre Elio di Rupo pour avoir des \u00e9claircissements sur la position du gouvernement.<\/p>\n<p>J&rsquo;ai contact\u00e9 dans le d\u00e9sordre:<\/p>\n<ul>\n<li>Louis Michel &#8211; MR (droite)<\/li>\n<li>Ivo Belet &#8211; CD &#038; V (centre)<\/li>\n<li>Philippe Lamberts &#8211; ECOLO<\/li>\n<li>Fr\u00e9d\u00e9rique Ries &#8211; MR (droite)<\/li>\n<li>Kathleen Van Brempt &#8211; Sp.A. (gauche)<\/li>\n<li>V\u00e9ronique De Keyser &#8211; PS (gauche)<\/li>\n<li>Bart Staes &#8211; Groene (\u00e9colo)<\/li>\n<li>Frank Vanhecke &#8211; Vlaams Belang (extr\u00e8me droite)<\/li>\n<li>Elio di Rupo &#8211; PS (gauche)<\/li>\n<li>Marc Tarabella &#8211; PS (gauche)<\/li>\n<li>Fr\u00e9d\u00e9ric Daerden &#8211; PS (gauche)<\/li>\n<li>Anne Delvaux &#8211; CDH (centre)<\/li>\n<li>Mathieu Grosh &#8211; CSP (centre)<\/li>\n<\/ul>\n<p>Il s&rsquo;agit donc d&rsquo;un \u00e9chantillonnage assez complet de la sc\u00e8ne politique belge.<br \/>\nCe qui motive ma mauvaise humeur, c&rsquo;est le peu de r\u00e9ponses re\u00e7ues. Seul deux des eurod\u00e9put\u00e9s m&rsquo;ont r\u00e9pondu. Elio di Rupo, lui, m&rsquo;a envoy\u00e9 une r\u00e9ponse de pure politesse: <\/p>\n<blockquote><p>\u00ab\u00a0&#8230;C\u2019est avec attention que j\u2019ai pris connaissance de votre message.<br \/>\nJe le transmets aussit\u00f4t \u00e0 mon \u00e9quipe pour examen et suivi&#8230;\u00a0\u00bb<\/p><\/blockquote>\n<p>Inutile de dire que je n&rsquo;ai plus eu de nouvelles&#8230;<\/p>\n<p>Les deux eurod\u00e9put\u00e9s qui m&rsquo;ont r\u00e9pondu sont Louis Michel Et Anne Delvaux.<br \/>\nLouis Michel, comme je m&rsquo;y attendais de la part d&rsquo;un membre d&rsquo;un parti de droite est favorable \u00e0 ACTA. Il m&rsquo;\u00e9crit d&rsquo;ailleurs:<\/p>\n<blockquote><p>\u00ab\u00a0&#8230;Je respecte votre point de vue m\u00eame si je crois que certains de vos arguments sont excessifs. Je ne partage pas vos conclusions et je pense que je voterai en faveur du projet&#8230;\u00a0\u00bb<\/p><\/blockquote>\n<p>Ca a le m\u00e9rite d&rsquo;\u00eatre clair!<\/p>\n<p>Anne Delvaux m&rsquo;a envoy\u00e9 un mail d\u00e9taill\u00e9 o\u00f9 elle explique que mes inqui\u00e9tudes sont sans doute non-fond\u00e9es mais elle ajoute:<\/p>\n<blockquote><p>\u00ab\u00a0&#8230;je d\u00e9plore la fa\u00e7on dont se sont d\u00e9roul\u00e9es les n\u00e9gociations de l&rsquo;accord et je suis d&rsquo;avis qu&rsquo;il serait constructif de mener une \u00e9valuation plus compl\u00e8te des effets que l&rsquo;ACAC pourrait avoir sur les droits fondamentaux, notamment la libert\u00e9 d&rsquo;expression et le droit \u00e0 la vie priv\u00e9e dans l&rsquo;Union europ\u00e9enne et au-del\u00e0&#8230;\u00a0\u00bb<\/p><\/blockquote>\n<p>C&rsquo;est un bon d\u00e9but. Depuis, la <em>Commission Europ\u00e9enne<\/em> a demand\u00e9 l&rsquo;avis de la <em>Cour de Justice de l&rsquo;Union Europ\u00e9enne<\/em> sur <em>ACTA<\/em> et les libert\u00e9s fondamentales.<\/p>\n<p>Je remercie donc les personnes qui ont pris la peine de me r\u00e9pondre ne fut-ce que par politesse. Mais dix sur treize qui ne prennent m\u00eame pas la peine de m&rsquo;envoyer un accus\u00e9 de r\u00e9ception, je trouve que c&rsquo;est une proportion \u00e9norme. Aurait-on raison de croire qu&rsquo;il y a un gouffre b\u00e9ant entre les pr\u00e9occupations des citoyens et celles des \u00e9lus ? <\/p>\n<p>Mais comme je le disais au d\u00e9but de ce billet, ce n&rsquo;est pas parce que je n&rsquo;ai pas re\u00e7u de r\u00e9ponse de tous que je vais abandonner. <em>SOPA<\/em> au \u00e9tats-Unis, <em>Hadopi<\/em>, <em>ACTA<\/em> font partie du m\u00eame mouvement qui vise \u00e0 limiter nos libert\u00e9s. Je suis persuad\u00e9, \u00e0 voir les attaques que la libert\u00e9 d&rsquo;expression doit endurer ou que la neutalit\u00e9 du Net doit subir, qu&rsquo;il est important de r\u00e9agir d\u00e8s maintenant. <\/p>\n<p>Et pour terminer, je vous invite \u00e0 lire les articles consacr\u00e9s \u00e0 <em>ACTA<\/em> par la <a href=\"http:\/\/www.laquadrature.net\/fr\/ACTA\">quadrature du Net<\/a>, \u00e0 lire l&rsquo;avis de <a href=\"http:\/\/blogs.lexpress.fr\/attali\/2012\/02\/13\/alea-acta-est\/\">Jacques Attali<\/a> et ce qui est <a href=\"http:\/\/derechoaleer.org\/2012\/03\/infographics-why-we-say-no-acta.html\">un bon r\u00e9sum\u00e9<\/a> des risques d&rsquo;<em>ACTA<\/em>.<\/p>\n","protected":false},"excerpt":{"rendered":"<p>Une fois n&rsquo;est pas coutume, ceci est un billet d&rsquo;humeur et m\u00eame de mauvaise humeur. Et de plus, c&rsquo;est un billet politique sur ACTA. Mais rassurez-vous, je ne vais pas \u00e9num\u00e9rer en d\u00e9tail tous les d\u00e9fauts de cet accord, juste les rappeler bri\u00e8vement. Pour ceux qui reviennent d&rsquo;un croisi\u00e8re sur Mars et qui n&rsquo;auraient pas [&hellip;]<\/p>\n","protected":false},"author":2,"featured_media":0,"comment_status":"open","ping_status":"open","sticky":false,"template":"","format":"standard","meta":[],"categories":[1],"tags":[],"aioseo_notices":[],"_links":{"self":[{"href":"https:\/\/www.leunen.com\/linux\/wp-json\/wp\/v2\/posts\/1250"}],"collection":[{"href":"https:\/\/www.leunen.com\/linux\/wp-json\/wp\/v2\/posts"}],"about":[{"href":"https:\/\/www.leunen.com\/linux\/wp-json\/wp\/v2\/types\/post"}],"author":[{"embeddable":true,"href":"https:\/\/www.leunen.com\/linux\/wp-json\/wp\/v2\/users\/2"}],"replies":[{"embeddable":true,"href":"https:\/\/www.leunen.com\/linux\/wp-json\/wp\/v2\/comments?post=1250"}],"version-history":[{"count":7,"href":"https:\/\/www.leunen.com\/linux\/wp-json\/wp\/v2\/posts\/1250\/revisions"}],"predecessor-version":[{"id":1257,"href":"https:\/\/www.leunen.com\/linux\/wp-json\/wp\/v2\/posts\/1250\/revisions\/1257"}],"wp:attachment":[{"href":"https:\/\/www.leunen.com\/linux\/wp-json\/wp\/v2\/media?parent=1250"}],"wp:term":[{"taxonomy":"category","embeddable":true,"href":"https:\/\/www.leunen.com\/linux\/wp-json\/wp\/v2\/categories?post=1250"},{"taxonomy":"post_tag","embeddable":true,"href":"https:\/\/www.leunen.com\/linux\/wp-json\/wp\/v2\/tags?post=1250"}],"curies":[{"name":"wp","href":"https:\/\/api.w.org\/{rel}","templated":true}]}}